{"id":892902,"date":"2023-10-23T14:04:35","date_gmt":"2023-10-23T13:04:35","guid":{"rendered":"https:\/\/www.absaugwerk.de\/%f0%9f%a7%97%e2%99%82%ef%b8%8f%f0%9f%8f%94-una-ascension-peligrosa-y-un-glaciar-impredecible-la-expedicion-al-manaslu-de-marc-gruen\/"},"modified":"2025-12-03T09:51:41","modified_gmt":"2025-12-03T08:51:41","slug":"%f0%9f%a7%97%e2%99%82%ef%b8%8f%f0%9f%8f%94-una-ascension-peligrosa-y-un-glaciar-impredecible-la-expedicion-al-manaslu-de-marc-gruen","status":"publish","type":"post","link":"https:\/\/www.absaugwerk.de\/es\/%f0%9f%a7%97%e2%99%82%ef%b8%8f%f0%9f%8f%94-una-ascension-peligrosa-y-un-glaciar-impredecible-la-expedicion-al-manaslu-de-marc-gruen\/","title":{"rendered":"\ud83e\uddd7\u200d\u2642\ufe0f\ud83c\udfd4 Una ascensi\u00f3n peligrosa y un glaciar impredecible: la expedici\u00f3n al Manaslu de Marc Gr\u00fcn"},"content":{"rendered":"<p>[et_pb_section fb_built=\u00bb1&#8243; _builder_version=\u00bb4.19.5&#8243; _module_preset=\u00bb5b35ab4f-bdce-45fd-86b4-d5aa6b9ab1de\u00bb background_enable_color=\u00bboff\u00bb global_colors_info=\u00bb{}\u00bb][et_pb_row custom_padding_last_edited=\u00bbon|phone\u00bb _builder_version=\u00bb4.19.5&#8243; _module_preset=\u00bbcff9af7e-a3da-4dd3-83e3-652ffd4dad23&#8243; background_color=\u00bb#FFFFFF\u00bb custom_padding_tablet=\u00bb\u00bb custom_padding_phone=\u00bb\u00bb global_colors_info=\u00bb{}\u00bb][et_pb_column type=\u00bb4_4&#8243; _builder_version=\u00bb4.19.1&#8243; _module_preset=\u00bbdefault\u00bb global_colors_info=\u00bb{}\u00bb][et_pb_post_title _builder_version=\u00bb4.21.0&#8243; _module_preset=\u00bb227f5bb6-91a6-49fc-9906-dc7089794df8&#8243; background_enable_image=\u00bboff\u00bb global_colors_info=\u00bb{}\u00bb][\/et_pb_post_title][et_pb_text _builder_version=\u00bb4.22.2&#8243; _module_preset=\u00bbdefault\u00bb link_option_url=\u00bb\/sponsoring\/marc-gruen\u00bb link_option_url_new_window=\u00bbon\u00bb hover_enabled=\u00bb0&#8243; global_colors_info=\u00bb{}\u00bb sticky_enabled=\u00bb0&#8243;]<\/p>\n<p><span class=\"break-words \"><span><span dir=\"ltr\">Ya hemos informado varias veces sobre la fenomenal empresa del alpinista extremo Marc y hemos acompa\u00f1ado a este hombre de 45 a\u00f1os en el viaje de su vida.<\/span><\/span><\/span><\/p>\n<p><span class=\"break-words \"><span><span dir=\"ltr\"><em><strong>\u00abLa expedici\u00f3n tuvo un comienzo sensacional: el viaje en los jeeps, la caminata hasta la monta\u00f1a y el equipo lleg\u00f3 a tiempo y en buen estado de salud\u00bb.<\/strong><\/em><\/p>\n<p>A lo largo de dos semanas, el grupo, formado por 30 sherpas (gu\u00edas de monta\u00f1a), gu\u00edas de yak, ayudantes de cocina, un cocinero y cinco monta\u00f1eros, instal\u00f3 los tres campamentos de gran altitud a 5.800, 6.300 y 6.800 metros. Los ascensos y descensos regulares permitieron a los <a class=\"wpil_keyword_link\" href=\"https:\/\/www.absaugwerk.de\/es\/informe-schwaebische-zeitung\/\" title=\"Informe Schw\u00e4bische Zeitung\" data-wpil-keyword-link=\"linked\" data-wpil-monitor-id=\"196\">monta\u00f1eros<\/a> y sherpas aclimatarse perfectamente. <\/span><\/span><\/span><\/p>\n<p><span class=\"break-words \"><span><span dir=\"ltr\"><strong><em>\u00abNormalmente es la monta\u00f1a la que decide, pero esta vez he tenido que tomar yo la decisi\u00f3n\u00bb.<\/em><\/strong><\/p>\n<p>La ascensi\u00f3n real a la cumbre es s\u00f3lo una fracci\u00f3n de la expedici\u00f3n, un d\u00eda en el que todo tiene que estar perfecto: El tiempo, la condici\u00f3n f\u00edsica; en resumen, todas las condiciones b\u00e1sicas. La ascensi\u00f3n a la cumbre siempre se realiza en equipos de dos personas. Despu\u00e9s de que Marc y su sherpa Norbu llegaran al tercer campo base y descansaran unas horas, partieron hacia la cumbre a las 6 de la tarde del 27 de septiembre.  <\/p>\n<p>Sin embargo, ya hab\u00eda tormenta cuando se pusieron en marcha, lo que hizo que todos los dem\u00e1s <a class=\"wpil_keyword_link\" href=\"https:\/\/www.absaugwerk.de\/es\/alpinismo-werker\/\" title=\"Alpinismo WERKER en Allg\u00e4u - o la supervivencia en equipo \u26f0\ud83d\ude05\" data-wpil-keyword-link=\"linked\" data-wpil-monitor-id=\"324\">escaladores<\/a> del grupo dieran marcha atr\u00e1s al cabo de unas horas. S\u00f3lo Marc y su sherpa siguieron luchando hasta la cima&#8230; \u00a1Averigua por qu\u00e9 Marc no pudo conquistar la \u00abmonta\u00f1a del alma\u00bb, pero se convirti\u00f3 en un h\u00e9roe, al final de la semana! <\/p>\n<p>\ud83d\udc49 \u00a1Toda la informaci\u00f3n de fondo sobre la expedici\u00f3n ya est\u00e1 disponible en nuestra <a href=\"\/sponsoring\/marc-gruen\" target=\"_blank\" rel=\"noopener\">p\u00e1gina de patrocinio<\/a>!<br \/><\/span><\/span><\/span><\/p>\n<p>[\/et_pb_text][\/et_pb_column][\/et_pb_row][\/et_pb_section]<\/p>\n<div class=\"shariff shariff-align-center shariff-widget-align-center\" data-services=\"facebook\" data-url=\"https%3A%2F%2Fwww.absaugwerk.de%2Fes%2F%25f0%259f%25a7%2597%25e2%2599%2582%25ef%25b8%258f%25f0%259f%258f%2594-una-ascension-peligrosa-y-un-glaciar-impredecible-la-expedicion-al-manaslu-de-marc-gruen%2F\" data-timestamp=\"1764755501\" data-hidezero=\"1\" data-backendurl=\"https:\/\/www.absaugwerk.de\/es\/wp-json\/shariff\/v1\/share_counts?\"><div class=\"ShariffHeadline\"><h5 style=\"font-size:16px\">TEILEN:<\/h5><\/div><ul class=\"shariff-buttons theme-round orientation-horizontal buttonsize-small\"><li class=\"shariff-button facebook\" style=\"background-color:#00857d;border-radius:10%\"><a href=\"https:\/\/www.facebook.com\/sharer\/sharer.php?u=https%3A%2F%2Fwww.absaugwerk.de%2Fes%2F%25f0%259f%25a7%2597%25e2%2599%2582%25ef%25b8%258f%25f0%259f%258f%2594-una-ascension-peligrosa-y-un-glaciar-impredecible-la-expedicion-al-manaslu-de-marc-gruen%2F\" title=\"Compartir en Facebook\" aria-label=\"Compartir en Facebook\" role=\"button\" rel=\"noreferrernoopener nofollow\" class=\"shariff-link\" style=\";border-radius:10%; background-color:#898989; color:#fff\" target=\"_blank\"><span class=\"shariff-icon\" style=\"\"><svg width=\"32px\" height=\"20px\" xmlns=\"http:\/\/www.w3.org\/2000\/svg\" viewBox=\"0 0 18 32\"><path fill=\"#3b5998\" d=\"M17.1 0.2v4.7h-2.8q-1.5 0-2.1 0.6t-0.5 1.9v3.4h5.2l-0.7 5.3h-4.5v13.6h-5.5v-13.6h-4.5v-5.3h4.5v-3.9q0-3.3 1.9-5.2t5-1.8q2.6 0 4.1 0.2z\"\/><\/svg><\/span><\/a><\/li><li class=\"shariff-button twitter\" style=\"background-color:#00857d;border-radius:10%\"><a href=\"https:\/\/twitter.com\/share?url=https%3A%2F%2Fwww.absaugwerk.de%2Fes%2F%25f0%259f%25a7%2597%25e2%2599%2582%25ef%25b8%258f%25f0%259f%258f%2594-una-ascension-peligrosa-y-un-glaciar-impredecible-la-expedicion-al-manaslu-de-marc-gruen%2F&text=%F0%9F%A7%97%E2%80%8D%E2%99%82%EF%B8%8F%F0%9F%8F%94%20Una%20ascensi%C3%B3n%20peligrosa%20y%20un%20glaciar%20impredecible%3A%20la%20expedici%C3%B3n%20al%20Manaslu%20de%20Marc%20Gr%C3%BCn\" title=\"Compartir en X (Twitter)\" aria-label=\"Compartir en X (Twitter)\" role=\"button\" rel=\"noreferrernoopener nofollow\" class=\"shariff-link\" style=\";border-radius:10%; background-color:#898989; color:#fff\" target=\"_blank\"><span class=\"shariff-icon\" style=\"\"><svg xmlns=\"http:\/\/www.w3.org\/2000\/svg\" height=\"1em\" viewBox=\"0 0 512 512\"><!--! Font Awesome Free 6.4.2 by @fontawesome - https:\/\/fontawesome.com License - https:\/\/fontawesome.com\/license (Commercial License) Copyright 2023 Fonticons, Inc. --><style>svg{fill:#ffffff}<\/style><path d=\"M389.2 48h70.6L305.6 224.2 487 464H345L233.7 318.6 106.5 464H35.8L200.7 275.5 26.8 48H172.4L272.9 180.9 389.2 48zM364.4 421.8h39.1L151.1 88h-42L364.4 421.8z\"\/><\/svg><\/span><\/a><\/li><li class=\"shariff-button xing\" style=\"background-color:#00857d;border-radius:10%\"><a href=\"https:\/\/www.xing.com\/spi\/shares\/new?url=https%3A%2F%2Fwww.absaugwerk.de%2Fes%2F%25f0%259f%25a7%2597%25e2%2599%2582%25ef%25b8%258f%25f0%259f%258f%2594-una-ascension-peligrosa-y-un-glaciar-impredecible-la-expedicion-al-manaslu-de-marc-gruen%2F\" title=\"Compartir en XING\" aria-label=\"Compartir en XING\" role=\"button\" rel=\"noreferrernoopener nofollow\" class=\"shariff-link\" style=\";border-radius:10%; background-color:#898989; color:#fff\" target=\"_blank\"><span class=\"shariff-icon\" style=\"\"><svg width=\"32px\" height=\"20px\" xmlns=\"http:\/\/www.w3.org\/2000\/svg\" viewBox=\"0 0 25 32\"><path fill=\"#126567\" d=\"M10.7 11.9q-0.2 0.3-4.6 8.2-0.5 0.8-1.2 0.8h-4.3q-0.4 0-0.5-0.3t0-0.6l4.5-8q0 0 0 0l-2.9-5q-0.2-0.4 0-0.7 0.2-0.3 0.5-0.3h4.3q0.7 0 1.2 0.8zM25.1 0.4q0.2 0.3 0 0.7l-9.4 16.7 6 11q0.2 0.4 0 0.6-0.2 0.3-0.6 0.3h-4.3q-0.7 0-1.2-0.8l-6-11.1q0.3-0.6 9.5-16.8 0.4-0.8 1.2-0.8h4.3q0.4 0 0.5 0.3z\"\/><\/svg><\/span><\/a><\/li><li class=\"shariff-button linkedin\" style=\"background-color:#00857d;border-radius:10%\"><a href=\"https:\/\/www.linkedin.com\/sharing\/share-offsite\/?url=https%3A%2F%2Fwww.absaugwerk.de%2Fes%2F%25f0%259f%25a7%2597%25e2%2599%2582%25ef%25b8%258f%25f0%259f%258f%2594-una-ascension-peligrosa-y-un-glaciar-impredecible-la-expedicion-al-manaslu-de-marc-gruen%2F\" title=\"Compartir en LinkedIn\" aria-label=\"Compartir en LinkedIn\" role=\"button\" rel=\"noreferrernoopener nofollow\" class=\"shariff-link\" style=\";border-radius:10%; background-color:#898989; color:#fff\" target=\"_blank\"><span class=\"shariff-icon\" style=\"\"><svg width=\"32px\" height=\"20px\" xmlns=\"http:\/\/www.w3.org\/2000\/svg\" viewBox=\"0 0 27 32\"><path fill=\"#0077b5\" d=\"M6.2 11.2v17.7h-5.9v-17.7h5.9zM6.6 5.7q0 1.3-0.9 2.2t-2.4 0.9h0q-1.5 0-2.4-0.9t-0.9-2.2 0.9-2.2 2.4-0.9 2.4 0.9 0.9 2.2zM27.4 18.7v10.1h-5.9v-9.5q0-1.9-0.7-2.9t-2.3-1.1q-1.1 0-1.9 0.6t-1.2 1.5q-0.2 0.5-0.2 1.4v9.9h-5.9q0-7.1 0-11.6t0-5.3l0-0.9h5.9v2.6h0q0.4-0.6 0.7-1t1-0.9 1.6-0.8 2-0.3q3 0 4.9 2t1.9 6z\"\/><\/svg><\/span><\/a><\/li><li class=\"shariff-button whatsapp\" style=\"background-color:#00857d;border-radius:10%\"><a href=\"https:\/\/api.whatsapp.com\/send?text=https%3A%2F%2Fwww.absaugwerk.de%2Fes%2F%25f0%259f%25a7%2597%25e2%2599%2582%25ef%25b8%258f%25f0%259f%258f%2594-una-ascension-peligrosa-y-un-glaciar-impredecible-la-expedicion-al-manaslu-de-marc-gruen%2F%20%F0%9F%A7%97%E2%80%8D%E2%99%82%EF%B8%8F%F0%9F%8F%94%20Una%20ascensi%C3%B3n%20peligrosa%20y%20un%20glaciar%20impredecible%3A%20la%20expedici%C3%B3n%20al%20Manaslu%20de%20Marc%20Gr%C3%BCn\" title=\"Compartir en Whatsapp\" aria-label=\"Compartir en Whatsapp\" role=\"button\" rel=\"noreferrernoopener nofollow\" class=\"shariff-link\" style=\";border-radius:10%; background-color:#898989; color:#fff\" target=\"_blank\"><span class=\"shariff-icon\" style=\"\"><svg width=\"32px\" height=\"20px\" xmlns=\"http:\/\/www.w3.org\/2000\/svg\" viewBox=\"0 0 32 32\"><path fill=\"#34af23\" d=\"M17.6 17.4q0.2 0 1.7 0.8t1.6 0.9q0 0.1 0 0.3 0 0.6-0.3 1.4-0.3 0.7-1.3 1.2t-1.8 0.5q-1 0-3.4-1.1-1.7-0.8-3-2.1t-2.6-3.3q-1.3-1.9-1.3-3.5v-0.1q0.1-1.6 1.3-2.8 0.4-0.4 0.9-0.4 0.1 0 0.3 0t0.3 0q0.3 0 0.5 0.1t0.3 0.5q0.1 0.4 0.6 1.6t0.4 1.3q0 0.4-0.6 1t-0.6 0.8q0 0.1 0.1 0.3 0.6 1.3 1.8 2.4 1 0.9 2.7 1.8 0.2 0.1 0.4 0.1 0.3 0 1-0.9t0.9-0.9zM14 26.9q2.3 0 4.3-0.9t3.6-2.4 2.4-3.6 0.9-4.3-0.9-4.3-2.4-3.6-3.6-2.4-4.3-0.9-4.3 0.9-3.6 2.4-2.4 3.6-0.9 4.3q0 3.6 2.1 6.6l-1.4 4.2 4.3-1.4q2.8 1.9 6.2 1.9zM14 2.2q2.7 0 5.2 1.1t4.3 2.9 2.9 4.3 1.1 5.2-1.1 5.2-2.9 4.3-4.3 2.9-5.2 1.1q-3.5 0-6.5-1.7l-7.4 2.4 2.4-7.2q-1.9-3.2-1.9-6.9 0-2.7 1.1-5.2t2.9-4.3 4.3-2.9 5.2-1.1z\"\/><\/svg><\/span><\/a><\/li><\/ul><\/div>","protected":false},"excerpt":{"rendered":"<p>Ya hemos informado varias veces sobre la fenomenal empresa del alpinista extremo Marc y hemos acompa\u00f1ado a este hombre de 45 a\u00f1os en el viaje de su vida. \u00abLa expedici\u00f3n tuvo un comienzo sensacional: el viaje en los jeeps, la caminata hasta la monta\u00f1a y el equipo lleg\u00f3 a tiempo y en buen estado de [&hellip;]<\/p>\n","protected":false},"author":4,"featured_media":892904,"comment_status":"closed","ping_status":"closed","sticky":false,"template":"","format":"standard","meta":{"_acf_changed":false,"_et_pb_use_builder":"on","_et_pb_old_content":"","_et_gb_content_width":"","footnotes":""},"categories":[143,147,142],"tags":[],"dipi_cpt_category":[],"class_list":["post-892902","post","type-post","status-publish","format-standard","has-post-thumbnail","hentry","category-pagina-de-inicio","category-marc-gruen-es","category-noticias"],"acf":[],"_links":{"self":[{"href":"https:\/\/www.absaugwerk.de\/es\/wp-json\/wp\/v2\/posts\/892902","targetHints":{"allow":["GET"]}}],"collection":[{"href":"https:\/\/www.absaugwerk.de\/es\/wp-json\/wp\/v2\/posts"}],"about":[{"href":"https:\/\/www.absaugwerk.de\/es\/wp-json\/wp\/v2\/types\/post"}],"author":[{"embeddable":true,"href":"https:\/\/www.absaugwerk.de\/es\/wp-json\/wp\/v2\/users\/4"}],"replies":[{"embeddable":true,"href":"https:\/\/www.absaugwerk.de\/es\/wp-json\/wp\/v2\/comments?post=892902"}],"version-history":[{"count":1,"href":"https:\/\/www.absaugwerk.de\/es\/wp-json\/wp\/v2\/posts\/892902\/revisions"}],"predecessor-version":[{"id":1027003,"href":"https:\/\/www.absaugwerk.de\/es\/wp-json\/wp\/v2\/posts\/892902\/revisions\/1027003"}],"wp:featuredmedia":[{"embeddable":true,"href":"https:\/\/www.absaugwerk.de\/es\/wp-json\/wp\/v2\/media\/892904"}],"wp:attachment":[{"href":"https:\/\/www.absaugwerk.de\/es\/wp-json\/wp\/v2\/media?parent=892902"}],"wp:term":[{"taxonomy":"category","embeddable":true,"href":"https:\/\/www.absaugwerk.de\/es\/wp-json\/wp\/v2\/categories?post=892902"},{"taxonomy":"post_tag","embeddable":true,"href":"https:\/\/www.absaugwerk.de\/es\/wp-json\/wp\/v2\/tags?post=892902"},{"taxonomy":"dipi_cpt_category","embeddable":true,"href":"https:\/\/www.absaugwerk.de\/es\/wp-json\/wp\/v2\/dipi_cpt_category?post=892902"}],"curies":[{"name":"wp","href":"https:\/\/api.w.org\/{rel}","templated":true}]}}